{"id":9081,"date":"2021-02-09T11:00:00","date_gmt":"2021-02-09T10:00:00","guid":{"rendered":"https:\/\/www.boutique-jourdefete.com\/blog\/?p=9081"},"modified":"2021-02-08T10:14:43","modified_gmt":"2021-02-08T09:14:43","slug":"carnaval-petit-budget","status":"publish","type":"post","link":"https:\/\/boutique-jourdefete.com\/blog\/carnaval\/carnaval-petit-budget\/","title":{"rendered":"Un chouette Carnaval \u00e0 petit budget !"},"content":{"rendered":"\n<p>Le <strong><a href=\"https:\/\/www.boutique-jourdefete.com\/carnaval\/\">Carnaval <\/a><\/strong>est une tradition qui remonte \u00e0 de nombreuses ann\u00e9es et qui, aujourd\u2019hui, est f\u00eat\u00e9 dans de nombreux pays. Cette coutume arrive \u00e0 grands pas\u2026 Quelques jours nous s\u00e9parent du 16 f\u00e9vrier !\u00a0Ambiance propice \u00e0 la f\u00eate, aux d\u00e9guisements et \u00e0 l\u2019amusement, il n\u2019est pas question de passer \u00e0 c\u00f4t\u00e9 cette ann\u00e9e ! Pour cela, Jour de F\u00eate vous propose un Carnaval en petit comit\u00e9 pour les <strong>petits budgets<\/strong> !<\/p>\n\n\n\n<h2 class=\"wp-block-heading\" id=\"block-c1c1b0fc-8229-4fd0-afc2-ac442759ccf1\"><strong><strong>Un Carnaval sans trop d\u00e9penser ?&nbsp;<\/strong><\/strong><\/h2>\n\n\n\n<div id=\"block-92aead18-dffa-45fb-a471-eead5c02743f\" class=\"wp-block-image\"><figure class=\"alignleft size-large\"><img loading=\"lazy\" decoding=\"async\" width=\"1024\" height=\"253\" src=\"https:\/\/www.boutique-jourdefete.com\/blog\/wp-content\/uploads\/2021\/02\/carnaval-petit-budget-maquillage-1024x253.png\" alt=\"carnaval-petit-budget-maquillage\" class=\"wp-image-9083\" srcset=\"https:\/\/boutique-jourdefete.com\/blog\/wp-content\/uploads\/2021\/02\/carnaval-petit-budget-maquillage-1024x253.png 1024w, https:\/\/boutique-jourdefete.com\/blog\/wp-content\/uploads\/2021\/02\/carnaval-petit-budget-maquillage-300x74.png 300w, https:\/\/boutique-jourdefete.com\/blog\/wp-content\/uploads\/2021\/02\/carnaval-petit-budget-maquillage-768x190.png 768w, https:\/\/boutique-jourdefete.com\/blog\/wp-content\/uploads\/2021\/02\/carnaval-petit-budget-maquillage-1536x380.png 1536w, https:\/\/boutique-jourdefete.com\/blog\/wp-content\/uploads\/2021\/02\/carnaval-petit-budget-maquillage-2048x506.png 2048w\" sizes=\"auto, (max-width: 1024px) 100vw, 1024px\" \/><\/figure><\/div>\n\n\n\n<p>Avec cette coutume, l\u2019heure est \u00e0 la f\u00eate ! Vous avez un<strong> petit budget<\/strong> pour l\u2019occasion ? Pas de panique. Misez sur le <a href=\"https:\/\/www.boutique-jourdefete.com\/carnaval\/accessoires\/maquillage\/\">maquillage <\/a>! Eh oui, vous n\u2019\u00eates pas oblig\u00e9 de d\u00e9penser beaucoup pour obtenir un chouette r\u00e9sultat. Il vous suffit d\u2019un petit maquillage bien fait et le tour est jou\u00e9 ! En plus, c\u2019est bien connu, les enfants l\u2019adorent. C\u2019est l\u2019occasion de faire plaisir \u00e0 votre petit, car cette fois-ci, vous ne pourrez plus lui dire d\u2019attendre le <strong>Carnaval <\/strong>pour se d\u00e9guiser en personnage de pyjamasques, de la pat\u2019patrouille ou en animal !<\/p>\n\n\n\n<p>Alors cette ann\u00e9e, d\u00e9marquez-vous, laissez votre cr\u00e9ativit\u00e9 s\u2019exprimer en choisissant un maquillage d\u2019enfer ! Vous n\u2019avez pas d\u2019id\u00e9e pr\u00e9cise ? Jour de F\u00eate a pens\u00e9 \u00e0 tout. Sir\u00e8ne, pirate, indien, clown, chat\u2026 Avec un large choix de maquillage, kit et accessoires, faites de vos enfants les rois et reines du carnaval.<\/p>\n\n\n\n<p>Aussi, pensez \u00e0 visionner nos tutos maquillage pour vous donner plus d\u2019id\u00e9es afin de faire plaisir \u00e0 votre bout de chou qui a attendu cette f\u00eate si longtemps en tr\u00e9pignant d&rsquo;impatience !<\/p>\n\n\n\n<h2 class=\"wp-block-heading\" id=\"block-d0fd1146-7c72-437e-b729-79e2cbe1872e\"><strong><strong>Quand Carnaval rime avec d\u00e9guisement<\/strong><\/strong><\/h2>\n\n\n\n<div id=\"block-352291e9-831f-4809-8fd7-c392efcc256b\" class=\"wp-block-image\"><figure class=\"alignleft size-large\"><img loading=\"lazy\" decoding=\"async\" width=\"1024\" height=\"253\" src=\"https:\/\/www.boutique-jourdefete.com\/blog\/wp-content\/uploads\/2021\/02\/carnaval-petit-budget-deguisement-1024x253.png\" alt=\"carnaval-petit-budget-deguisement\" class=\"wp-image-9084\" srcset=\"https:\/\/boutique-jourdefete.com\/blog\/wp-content\/uploads\/2021\/02\/carnaval-petit-budget-deguisement-1024x253.png 1024w, https:\/\/boutique-jourdefete.com\/blog\/wp-content\/uploads\/2021\/02\/carnaval-petit-budget-deguisement-300x74.png 300w, https:\/\/boutique-jourdefete.com\/blog\/wp-content\/uploads\/2021\/02\/carnaval-petit-budget-deguisement-768x190.png 768w, https:\/\/boutique-jourdefete.com\/blog\/wp-content\/uploads\/2021\/02\/carnaval-petit-budget-deguisement-1536x380.png 1536w, https:\/\/boutique-jourdefete.com\/blog\/wp-content\/uploads\/2021\/02\/carnaval-petit-budget-deguisement-2048x506.png 2048w\" sizes=\"auto, (max-width: 1024px) 100vw, 1024px\" \/><\/figure><\/div>\n\n\n\n<p>Une princesse, une f\u00e9e, la reine des neiges, un animal, Blanche Neige, Raiponce, ou encore Spiderman, Hulk, ou Stormstroopers ? Les envies se bousculent, les enfants ont envie d\u2019\u00eatre d\u00e9guis\u00e9s en tout \u00e0 la fois !&nbsp;<\/p>\n\n\n\n<p>Le choix n\u2019est pas simple\u2026 Pour les fans d\u2019animaux, de dessins anim\u00e9s ou de films, retrouvez tous les d\u00e9guisements en ligne pour satisfaire tous les go\u00fbts !&nbsp;<\/p>\n\n\n\n<p>Et puis, ne vous oubliez pas ! Nous savons parfaitement que les d\u00e9guisements plaisent autant aux petits qu\u2019aux grands ! Retrouvez votre \u00e2me d\u2019enfant en devenant un super-h\u00e9ros, un cow-boy, une indienne ou une pirate ! Soyez inventifs, cr\u00e9atifs, sortez de votre quotidien et profitez de cette belle f\u00eate.&nbsp;<\/p>\n\n\n\n<h2 class=\"wp-block-heading\" id=\"block-1ade37b2-af19-40fe-9ddb-523ea4232e48\"><strong><strong>Ambiance festive dans le coeur mais pas que !<\/strong><\/strong><\/h2>\n\n\n\n<div id=\"block-fead7c24-73cc-4c88-a6c6-254e3cde3928\" class=\"wp-block-image\"><figure class=\"alignleft size-large\"><img loading=\"lazy\" decoding=\"async\" width=\"1024\" height=\"253\" src=\"https:\/\/www.boutique-jourdefete.com\/blog\/wp-content\/uploads\/2021\/02\/carnaval-budget-festif-deco-1024x253.png\" alt=\"carnaval-budget-festif-deco\" class=\"wp-image-9085\" srcset=\"https:\/\/boutique-jourdefete.com\/blog\/wp-content\/uploads\/2021\/02\/carnaval-budget-festif-deco-1024x253.png 1024w, https:\/\/boutique-jourdefete.com\/blog\/wp-content\/uploads\/2021\/02\/carnaval-budget-festif-deco-300x74.png 300w, https:\/\/boutique-jourdefete.com\/blog\/wp-content\/uploads\/2021\/02\/carnaval-budget-festif-deco-768x190.png 768w, https:\/\/boutique-jourdefete.com\/blog\/wp-content\/uploads\/2021\/02\/carnaval-budget-festif-deco-1536x380.png 1536w, https:\/\/boutique-jourdefete.com\/blog\/wp-content\/uploads\/2021\/02\/carnaval-budget-festif-deco-2048x506.png 2048w\" sizes=\"auto, (max-width: 1024px) 100vw, 1024px\" \/><\/figure><\/div>\n\n\n\n<p>Il n\u2019est pas question que le <strong>carnaval <\/strong>se d\u00e9roule sans d\u00e9coration ! Au contraire, c\u2019est la bonne occasion pour mettre des couleurs et des paillettes dans votre journ\u00e9e !&nbsp;<\/p>\n\n\n\n<p>Pour un effet garanti, pensez \u00e0 des guirlandes ou des suspensions de toutes les couleurs. N\u2019oubliez pas non plus les ballons, ils manqueraient \u00e0 vos petits\u2026 Ballons gonfl\u00e9s \u00e0 l\u2019air ou \u00e0 l\u2019h\u00e9lium, de toutes les couleurs, individuels ou group\u00e9s, pensez \u00e0 les disposer partout, au plafond, dans les coins, en arche ou en compositions sur support ! Les ballons, tout le monde adore!&nbsp; Un clown, un panda ou un Dark Vador en ballon peut vous attendre \u00e0 l\u2019entr\u00e9e de la pi\u00e8ce pour une ambiance de carnaval assur\u00e9e !<\/p>\n\n\n\n<p>De plus, ne l\u00e9sinez pas non plus sur les confettis ! Parsemez-en sur la table ou prenez des canons \u00e0 confettis.Choisissez-les de toutes les couleurs pour une ambiance festive. Et si vous n\u2019avez pas d\u2019id\u00e9e pr\u00e9cise, laissez d\u2019abord votre enfant choisir son d\u00e9guisement et\/ou maquillage, cela peut \u00eatre votre point de d\u00e9part pour une d\u00e9co r\u00e9ussie !&nbsp;<\/p>\n\n\n\n<p>Pr\u00e9voyez une jolie table pour le go\u00fbter ou le repas ! D\u00e9coration de table, vaisselle \u00e0 th\u00e8me et gourmandises, un vaste champ de possibilit\u00e9s s\u2019offre \u00e0 vous.&nbsp;<\/p>\n\n\n\n<h2 class=\"wp-block-heading\" id=\"block-9753ff6f-08d1-4d25-a4dc-f8ddfd5286e8\"><strong>La f\u00eate peut commencer !<\/strong><\/h2>\n\n\n\n<p>Nous y sommes ! Vous avez r\u00e9uni tous les \u00e9l\u00e9ments pour que ce <strong>Carnaval <\/strong>soit magnifique et inoubliable. Une c\u00e9l\u00e9bration en petit comit\u00e9, d\u00e9guis\u00e9e, entour\u00e9e de gens que vous aimez et qui vous aiment en retour, que demander de plus ?<\/p>\n","protected":false},"excerpt":{"rendered":"<p>Le Carnaval est une tradition qui remonte \u00e0 de nombreuses ann\u00e9es et qui, aujourd\u2019hui, est f\u00eat\u00e9 dans de nombreux pays. Cette coutume arrive \u00e0 grands pas\u2026 Quelques jours nous s\u00e9parent du 16 f\u00e9vrier !\u00a0Ambiance propice \u00e0 la f\u00eate, aux d\u00e9guisements et \u00e0 l\u2019amusement, il n\u2019est pas question de passer \u00e0 c\u00f4t\u00e9 cette ann\u00e9e ! Pour [&hellip;]<\/p>\n","protected":false},"author":3,"featured_media":9088,"comment_status":"closed","ping_status":"closed","sticky":false,"template":"","format":"standard","meta":{"_acf_changed":false,"footnotes":""},"categories":[458,581,456,457],"tags":[],"class_list":["post-9081","post","type-post","status-publish","format-standard","has-post-thumbnail","hentry","category-astuces","category-carnaval","category-deguisements","category-evenements"],"acf":[],"_links":{"self":[{"href":"https:\/\/boutique-jourdefete.com\/blog\/wp-json\/wp\/v2\/posts\/9081","targetHints":{"allow":["GET"]}}],"collection":[{"href":"https:\/\/boutique-jourdefete.com\/blog\/wp-json\/wp\/v2\/posts"}],"about":[{"href":"https:\/\/boutique-jourdefete.com\/blog\/wp-json\/wp\/v2\/types\/post"}],"author":[{"embeddable":true,"href":"https:\/\/boutique-jourdefete.com\/blog\/wp-json\/wp\/v2\/users\/3"}],"replies":[{"embeddable":true,"href":"https:\/\/boutique-jourdefete.com\/blog\/wp-json\/wp\/v2\/comments?post=9081"}],"version-history":[{"count":9,"href":"https:\/\/boutique-jourdefete.com\/blog\/wp-json\/wp\/v2\/posts\/9081\/revisions"}],"predecessor-version":[{"id":9098,"href":"https:\/\/boutique-jourdefete.com\/blog\/wp-json\/wp\/v2\/posts\/9081\/revisions\/9098"}],"wp:featuredmedia":[{"embeddable":true,"href":"https:\/\/boutique-jourdefete.com\/blog\/wp-json\/wp\/v2\/media\/9088"}],"wp:attachment":[{"href":"https:\/\/boutique-jourdefete.com\/blog\/wp-json\/wp\/v2\/media?parent=9081"}],"wp:term":[{"taxonomy":"category","embeddable":true,"href":"https:\/\/boutique-jourdefete.com\/blog\/wp-json\/wp\/v2\/categories?post=9081"},{"taxonomy":"post_tag","embeddable":true,"href":"https:\/\/boutique-jourdefete.com\/blog\/wp-json\/wp\/v2\/tags?post=9081"}],"curies":[{"name":"wp","href":"https:\/\/api.w.org\/{rel}","templated":true}]}}