{"id":8987,"date":"2021-01-22T10:30:00","date_gmt":"2021-01-22T09:30:00","guid":{"rendered":"https:\/\/www.boutique-jourdefete.com\/blog\/?p=8987"},"modified":"2021-01-20T10:07:17","modified_gmt":"2021-01-20T09:07:17","slug":"comment-organiser-un-carnaval-a-la-maison","status":"publish","type":"post","link":"https:\/\/boutique-jourdefete.com\/blog\/carnaval\/comment-organiser-un-carnaval-a-la-maison\/","title":{"rendered":"Comment organiser un carnaval \u00e0 la maison\u00a0?"},"content":{"rendered":"\n<p>Cette ann\u00e9e, le carnaval aura lieu dans des conditions particuli\u00e8res mais il n\u2019est pas question pour autant de manquer cet \u00e9v\u00e9nement. Priver les plus jeunes de cette occasion serait fort dommage et leur retirerait la possibilit\u00e9 de porter leur d\u00e9guisement pr\u00e9f\u00e9r\u00e9 ou de se maquiller.<\/p>\n\n\n\n<p>Avec les copains ou juste en famille, <a href=\"https:\/\/www.boutique-jourdefete.com\/\" target=\"_blank\" rel=\"noreferrer noopener\">Jour de F\u00eate<\/a> va vous dire tout ce que vous devez savoir pour organiser un carnaval en restant chez soi\u00a0!<\/p>\n\n\n\n<h2 class=\"wp-block-heading\"><strong>Quelle d\u00e9coration pour f\u00eater le carnaval\u00a0?<\/strong><\/h2>\n\n\n\n<div class=\"wp-block-image\"><figure class=\"aligncenter size-large is-resized\"><img loading=\"lazy\" decoding=\"async\" src=\"https:\/\/www.boutique-jourdefete.com\/blog\/wp-content\/uploads\/2021\/01\/AdobeStock_191782509-scaled-e1611132855871-1024x266.jpeg\" alt=\"confettis carnaval\" class=\"wp-image-8990\" width=\"449\" height=\"116\" srcset=\"https:\/\/boutique-jourdefete.com\/blog\/wp-content\/uploads\/2021\/01\/AdobeStock_191782509-scaled-e1611132855871-1024x266.jpeg 1024w, https:\/\/boutique-jourdefete.com\/blog\/wp-content\/uploads\/2021\/01\/AdobeStock_191782509-scaled-e1611132855871-300x78.jpeg 300w, https:\/\/boutique-jourdefete.com\/blog\/wp-content\/uploads\/2021\/01\/AdobeStock_191782509-scaled-e1611132855871-768x200.jpeg 768w, https:\/\/boutique-jourdefete.com\/blog\/wp-content\/uploads\/2021\/01\/AdobeStock_191782509-scaled-e1611132855871-1536x399.jpeg 1536w, https:\/\/boutique-jourdefete.com\/blog\/wp-content\/uploads\/2021\/01\/AdobeStock_191782509-scaled-e1611132855871-2048x532.jpeg 2048w\" sizes=\"auto, (max-width: 449px) 100vw, 449px\" \/><\/figure><\/div>\n\n\n\n<p>Qui dit carnaval, dit <strong>ambiance de f\u00eate<\/strong> et il n\u2019est pas question de faire une f\u00eate sans une jolie d\u00e9coration de son int\u00e9rieur&nbsp;!<\/p>\n\n\n\n<p>Pour un effet whaouahh des plus jeunes, pr\u00e9voyez des guirlandes, des suspensions color\u00e9es ainsi qu\u2019une multitude de ballons suspendus ou gonflez-les \u00e0 l\u2019h\u00e9lium pour un ciel d\u2019int\u00e9rieur bigarr\u00e9.<\/p>\n\n\n\n<p>Les compositions en ballons vous fourniront plus d\u2019originalit\u00e9 dans votre d\u00e9coration, un clown \u00e0 l\u2019entr\u00e9e de votre maison vous mettra directement dans l\u2019ambiance du Carnaval.<\/p>\n\n\n\n<p>Pour apporter une ambiance encore plus festive, pr\u00e9parez aussi quelques canons \u00e0 confettis et des sans-g\u00eanes&nbsp;! L\u2019id\u00e9al serait d\u2019avoir des confettis comme en ext\u00e9rieur et de pouvoir les lancer \u00e0 votre guise dans toute la maison, mais gare au m\u00e9nage et \u00e0 la d\u00e9couverte de confettis plusieurs mois apr\u00e8s.<\/p>\n\n\n\n<p>Bien \u00e9videmment, si vous d\u00e9cidez d\u2019organiser un carnaval sur un th\u00e8me particulier, utilisez de la d\u00e9coration assortie&nbsp;! Si vous manquez d\u2019inspiration ou d\u2019id\u00e9es d\u00e9co, laissez vos enfants choisir leurs costumes et cr\u00e9ez ensuite votre d\u00e9coration \u00e0 partir de ces derniers. Et si vous ne voyez pas comment concilier deux th\u00e8mes oppos\u00e9s, faites chauffer vos m\u00e9ninges&nbsp;! Un th\u00e8me pirate et f\u00e9e, par exemple, peuvent s\u2019axer autour de \u00ab&nbsp;Peter Pan&nbsp;\u00bb&nbsp;!<\/p>\n\n\n\n<p>N\u2019oubliez pas de pr\u00e9voir une jolie table pour le go\u00fbter&nbsp;! D\u00e9coration de table, vaisselle \u00e0 th\u00e8me et gourmandises, un vaste champ de possibilit\u00e9s s\u2019offre \u00e0 vous. Si vous \u00eates d\u2019humeur \u00e0 p\u00e2tisser, essayez de concevoir des g\u00e2teaux avec une forme rappelant le th\u00e8me de votre d\u00e9coration mais rappelez-vous que les cr\u00eapes et les bugnes sont les grands classiques du carnaval. Vous pouvez \u00e9galement suivre l\u2019id\u00e9e d\u2019un repas \u00e0 base de cr\u00eapes sal\u00e9es et sucr\u00e9es pour le midi ou le soir.<\/p>\n\n\n\n<p>Faites participer les plus jeunes s\u2019ils le veulent bien et s\u2019ils font attention\u00a0! Profitez en pour leur montrer comment faire sauter des cr\u00eapes, mais attention \u00e0 ne pas ni vous louper ni vous br\u00fbler\u00a0!<\/p>\n\n\n\n<h2 class=\"wp-block-heading\"><strong>Bien se d\u00e9guiser pour le carnaval \u00e0 la maison\u00a0!<\/strong><\/h2>\n\n\n\n<div class=\"wp-block-image\"><figure class=\"aligncenter size-large is-resized\"><img loading=\"lazy\" decoding=\"async\" src=\"https:\/\/www.boutique-jourdefete.com\/blog\/wp-content\/uploads\/2021\/01\/AdobeStock_292626803-scaled-e1611133120842-1024x251.jpeg\" alt=\"maquillage\" class=\"wp-image-8992\" width=\"438\" height=\"107\" srcset=\"https:\/\/boutique-jourdefete.com\/blog\/wp-content\/uploads\/2021\/01\/AdobeStock_292626803-scaled-e1611133120842-1024x251.jpeg 1024w, https:\/\/boutique-jourdefete.com\/blog\/wp-content\/uploads\/2021\/01\/AdobeStock_292626803-scaled-e1611133120842-300x73.jpeg 300w, https:\/\/boutique-jourdefete.com\/blog\/wp-content\/uploads\/2021\/01\/AdobeStock_292626803-scaled-e1611133120842-768x188.jpeg 768w, https:\/\/boutique-jourdefete.com\/blog\/wp-content\/uploads\/2021\/01\/AdobeStock_292626803-scaled-e1611133120842-1536x376.jpeg 1536w, https:\/\/boutique-jourdefete.com\/blog\/wp-content\/uploads\/2021\/01\/AdobeStock_292626803-scaled-e1611133120842-2048x502.jpeg 2048w\" sizes=\"auto, (max-width: 438px) 100vw, 438px\" \/><\/figure><\/div>\n\n\n\n<p>Pour le Carnaval de vos enfants, qu\u2019ils soient gar\u00e7ons ou filles, vous trouverez un vaste choix dans les d\u00e9guisements en passant par les super-h\u00e9ros, les chevaliers, princes et princesses ou encore les pirates&nbsp;!<\/p>\n\n\n\n<p>Pensez \u00e9galement aux d\u00e9guisements licence \u00ab&nbsp;La Reine des Neiges&nbsp;\u00bb ou \u00ab&nbsp;Star Wars&nbsp;\u00bb.<\/p>\n\n\n\n<p>Quant \u00e0 vous, chers parents, Jour de F\u00eate ne vous oublie pas\u00a0! L\u00e2chez-vous, utilisez nos <a href=\"https:\/\/www.boutique-jourdefete.com\/deguisement-adulte\/\" target=\"_blank\" rel=\"noreferrer noopener\">d\u00e9guisements adultes<\/a> et rejoignez vos enfants pour plus de rire et de fun puisque nous avons tout ce qu\u2019il faut pour vous. Ce peut \u00eatre l\u2019opportunit\u00e9 de s\u2019habiller autour d\u2019un m\u00eame th\u00e8me, en famille.<br><br>Les accessoires sont des indispensables pour compl\u00e9ter votre panoplie ! \u00c9p\u00e9e, couronne ou masque, impossible de ne pas avoir un d\u00e9guisement complet.<br><br>Pr\u00e9voyez aussi du <a href=\"https:\/\/www.boutique-jourdefete.com\/accessoires\/maquillage\/\" target=\"_blank\" rel=\"noreferrer noopener\">maquillage<\/a>, avec des pinceaux et de petites \u00e9ponges. Pour retirer le maquillage, il vous suffira d\u2019un peu d\u2019eau ou de d\u00e9maquillant. Un jeu d\u2019enfant\u00a0! Et si vous ne savez pas quel maquillage r\u00e9aliser, internet regorge d\u2019id\u00e9es, d\u2019inspirations et de tutoriels.<br><br>N\u2019h\u00e9sitez d\u2019ailleurs pas \u00e0 aller consulter nos <a href=\"https:\/\/www.youtube.com\/watch?v=3WoEnJp12vg&amp;list=PLCWZ5P8glDKYDSFvBBlfUICro5t5pdnKf\" target=\"_blank\" rel=\"noreferrer noopener\">vid\u00e9os tutoriels de maquillage<\/a> pour un Carnaval r\u00e9ussi.<br><br>Les perruques sont \u00e9galement des incontournables pour compl\u00e9ter votre panoplie\u00a0! Si vous avez des cheveux longs, utilisez un filet \u00e0 cheveux afin de faciliter la pose et d\u2019am\u00e9liorer la tenue de la perruque sur votre t\u00eate. Pour la brosser et la remettre en ordre, favorisez l\u2019utilisation d\u2019un peigne \u00e0 dents larges. De cette fa\u00e7on, vous ab\u00eemerez moins les fibres de la perruque. Si un n\u0153ud refuse de c\u00e9der, favorisez un petit coup de ciseau afin de ne pas ab\u00eemer le reste de la perruque en vous acharnant avec une brosse.<\/p>\n\n\n\n<p>D\u00e8s que tout le monde est enfin pr\u00eat, organisez un d\u00e9fil\u00e9 ainsi qu\u2019une s\u00e9ance photo pour immortaliser toutes ces belles tenues\u00a0!<\/p>\n\n\n\n<h2 class=\"wp-block-heading\"><strong>Id\u00e9es d\u2019activit\u00e9s pour le carnaval<\/strong><\/h2>\n\n\n\n<div class=\"wp-block-image\"><figure class=\"aligncenter size-large is-resized\"><img loading=\"lazy\" decoding=\"async\" src=\"https:\/\/www.boutique-jourdefete.com\/blog\/wp-content\/uploads\/2021\/01\/AdobeStock_285189785-scaled-e1611133215765-1024x251.jpeg\" alt=\"carnaval\" class=\"wp-image-8993\" width=\"429\" height=\"105\" srcset=\"https:\/\/boutique-jourdefete.com\/blog\/wp-content\/uploads\/2021\/01\/AdobeStock_285189785-scaled-e1611133215765-1024x251.jpeg 1024w, https:\/\/boutique-jourdefete.com\/blog\/wp-content\/uploads\/2021\/01\/AdobeStock_285189785-scaled-e1611133215765-300x73.jpeg 300w, https:\/\/boutique-jourdefete.com\/blog\/wp-content\/uploads\/2021\/01\/AdobeStock_285189785-scaled-e1611133215765-768x188.jpeg 768w, https:\/\/boutique-jourdefete.com\/blog\/wp-content\/uploads\/2021\/01\/AdobeStock_285189785-scaled-e1611133215765-1536x376.jpeg 1536w, https:\/\/boutique-jourdefete.com\/blog\/wp-content\/uploads\/2021\/01\/AdobeStock_285189785-scaled-e1611133215765-2048x502.jpeg 2048w\" sizes=\"auto, (max-width: 429px) 100vw, 429px\" \/><\/figure><\/div>\n\n\n\n<p>Pour organiser un carnaval \u00e0 la maison digne de ce nom, il vous faut bien \u00e9videmment des activit\u00e9s.<\/p>\n\n\n\n<p>Pour commencer comme il se doit, envoyez la musique et les confettis&nbsp;! Rien de mieux qu\u2019une playlist pr\u00e9par\u00e9e \u00e0 l\u2019avance pour s\u2019\u00e9chauffer un peu. Profitez de ce moment pour faire le d\u00e9fil\u00e9. Paradez avec vos enfants comme jamais, c\u2019est votre moment de gloire. N\u2019oubliez pas de faire une s\u00e9ance photo au c\u0153ur de votre <strong>d\u00e9coration de carnaval<\/strong> pour conclure cet instant et en garder des souvenirs. N\u2019h\u00e9sitez pas \u00e0 danser et \u00e0 chanter sur la musique pendant la s\u00e9ance photo, cela rendra vos clich\u00e9s beaucoup plus vivants que si vous preniez juste la pose&nbsp;!<\/p>\n\n\n\n<p>Si vous voulez profiter un peu plus longtemps de la musique, organisez une petite session de chaises musicales.<\/p>\n\n\n\n<p>Petit rappel des r\u00e8gles&nbsp;: comptez les participants et prenez une chaise de moins que leur nombre. Si vous \u00eates 6, pr\u00e9voyez 5 chaises&nbsp;; pour 5, 4 chaises, etc&#8230; Confiez la gestion de la musique \u00e0 quelqu\u2019un et en avant la musique&nbsp;! Tant que la chanson s\u2019entend, tournez autour des chaises. Lorsqu\u2019elle s\u2019arr\u00eate, asseyez-vous, si vous le pouvez. Celui qui n\u2019y parvient pas est \u00e9limin\u00e9. On retire alors une chaise et le jeu continue jusqu\u2019\u00e0 ce qu\u2019il n\u2019y ait plus qu\u2019un seul gagnant et plus de chaise.<\/p>\n\n\n\n<p>Vous pouvez aussi pr\u00e9voir une petite activit\u00e9 manuelle avec une customisation de masques. Prenez des loups blancs et laissez les enfants les d\u00e9corer \u00e0 leur guise. Pr\u00e9voyez des paillettes et des sequins que vous pourrez poser dessus mais \u00e9galement quelques plumes. Rien ne vous emp\u00eache de dessiner des formes, de les d\u00e9couper puis de les coller sur le masque. Votre seule limite sera votre imagination\u00a0!<\/p>\n\n\n\n<h2 class=\"wp-block-heading\"><strong>Le carnaval peut commencer\u00a0!<\/strong><\/h2>\n\n\n\n<p>A vos masques&nbsp;? Pr\u00eats&nbsp;? Partez&nbsp;! Le carnaval peut enfin d\u00e9buter. Profitez d\u2019une f\u00eate d\u00e9guis\u00e9e haute en couleurs avec les enfants. N\u2019oubliez pas d\u2019envoyer les photos que vous aurez prises, au cours de cette journ\u00e9e, \u00e0 tous vos proches, surtout si vous l\u2019avez fait en famille&nbsp;!<\/p>\n\n\n\n<p>Pour ne rien manquer de notre actualit\u00e9, vous pouvez nous suivre sur les r\u00e9seaux\u00a0:\u00a0<a href=\"https:\/\/www.facebook.com\/jourdefete\" target=\"_blank\" rel=\"noreferrer noopener\"><u>Facebook<\/u><\/a>,\u00a0<a href=\"https:\/\/www.instagram.com\/jourdefete\/\" target=\"_blank\" rel=\"noreferrer noopener\"><u>Instagram<\/u><\/a>,\u00a0<a href=\"https:\/\/www.youtube.com\/user\/JourDeFeteTV\" target=\"_blank\" rel=\"noreferrer noopener\"><u>YouTube<\/u><\/a>,\u00a0<a href=\"https:\/\/twitter.com\/jourdefete_com\" target=\"_blank\" rel=\"noreferrer noopener\"><u>Twitter<\/u><\/a>\u00a0et\u00a0<a href=\"https:\/\/www.pinterest.fr\/jourdefetefr\/_created\/\" target=\"_blank\" rel=\"noreferrer noopener\"><u>Pinterest<\/u><\/a>.<\/p>\n","protected":false},"excerpt":{"rendered":"<p>Cette ann\u00e9e, le carnaval aura lieu dans des conditions particuli\u00e8res mais il n\u2019est pas question pour autant de manquer cet \u00e9v\u00e9nement. Priver les plus jeunes de cette occasion serait fort dommage et leur retirerait la possibilit\u00e9 de porter leur d\u00e9guisement pr\u00e9f\u00e9r\u00e9 ou de se maquiller. Avec les copains ou juste en famille, Jour de F\u00eate [&hellip;]<\/p>\n","protected":false},"author":3,"featured_media":8988,"comment_status":"closed","ping_status":"closed","sticky":false,"template":"","format":"standard","meta":{"_acf_changed":false,"footnotes":""},"categories":[581],"tags":[54,633,584],"class_list":["post-8987","post","type-post","status-publish","format-standard","has-post-thumbnail","hentry","category-carnaval","tag-carnaval","tag-carnaval-a-la-maison","tag-deguisement-carnaval"],"acf":[],"_links":{"self":[{"href":"https:\/\/boutique-jourdefete.com\/blog\/wp-json\/wp\/v2\/posts\/8987","targetHints":{"allow":["GET"]}}],"collection":[{"href":"https:\/\/boutique-jourdefete.com\/blog\/wp-json\/wp\/v2\/posts"}],"about":[{"href":"https:\/\/boutique-jourdefete.com\/blog\/wp-json\/wp\/v2\/types\/post"}],"author":[{"embeddable":true,"href":"https:\/\/boutique-jourdefete.com\/blog\/wp-json\/wp\/v2\/users\/3"}],"replies":[{"embeddable":true,"href":"https:\/\/boutique-jourdefete.com\/blog\/wp-json\/wp\/v2\/comments?post=8987"}],"version-history":[{"count":3,"href":"https:\/\/boutique-jourdefete.com\/blog\/wp-json\/wp\/v2\/posts\/8987\/revisions"}],"predecessor-version":[{"id":8995,"href":"https:\/\/boutique-jourdefete.com\/blog\/wp-json\/wp\/v2\/posts\/8987\/revisions\/8995"}],"wp:featuredmedia":[{"embeddable":true,"href":"https:\/\/boutique-jourdefete.com\/blog\/wp-json\/wp\/v2\/media\/8988"}],"wp:attachment":[{"href":"https:\/\/boutique-jourdefete.com\/blog\/wp-json\/wp\/v2\/media?parent=8987"}],"wp:term":[{"taxonomy":"category","embeddable":true,"href":"https:\/\/boutique-jourdefete.com\/blog\/wp-json\/wp\/v2\/categories?post=8987"},{"taxonomy":"post_tag","embeddable":true,"href":"https:\/\/boutique-jourdefete.com\/blog\/wp-json\/wp\/v2\/tags?post=8987"}],"curies":[{"name":"wp","href":"https:\/\/api.w.org\/{rel}","templated":true}]}}