{"id":10838,"date":"2026-02-05T14:52:25","date_gmt":"2026-02-05T13:52:25","guid":{"rendered":"https:\/\/www.boutique-jourdefete.com\/blog\/?p=10838"},"modified":"2026-02-17T15:23:52","modified_gmt":"2026-02-17T14:23:52","slug":"vivez-un-carnaval-jeux-video","status":"publish","type":"post","link":"https:\/\/boutique-jourdefete.com\/blog\/general\/vivez-un-carnaval-jeux-video\/","title":{"rendered":"Vivez un carnaval dans l\u2019univers des jeux vid\u00e9o"},"content":{"rendered":"\n<p>Le carnaval arrive \u00e0 grands pas&nbsp;! C\u2019est le moment des paillettes et des plus beaux d\u00e9guisements&nbsp;! Vous \u00eates pr\u00eats&nbsp;? Pour l\u2019occasion, quoi de mieux que de se d\u00e9guiser en personnages de jeux vid\u00e9o pour le carnaval ?<\/p>\n\n\n\n<p>Mario, Luigi, Pok\u00e9mon, et bien d\u2019autres encore. Ces personnages ont marqu\u00e9 les esprits et sont devenus de r\u00e9els incontournables pour tous !<\/p>\n\n\n\n<p>Pourquoi attendre&nbsp;? Retrouvez notre s\u00e9lection pour ce carnaval 2026&nbsp;!<\/p>\n\n\n\n<p><strong>Sommaire<\/strong><\/p>\n\n\n\n<ol start=\"1\" class=\"wp-block-list\">\n<li><a href=\"#mario\">Mario : Here we go !<\/a><\/li>\n\n\n\n<li><a href=\"#pokemon\">Pok\u00e9mon : Attrapez-les tous !<\/a><\/li>\n\n\n\n<li><a href=\"#autres\">D\u2019autres licences de jeux vid\u00e9o pour ce carnaval !<\/a><\/li>\n<\/ol>\n\n\n\n<h2 class=\"wp-block-heading\" id=\"mario\">Mario&nbsp;: Here we go&nbsp;!<\/h2>\n\n\n\n<p>Pour commencer, d\u00e9couvrez Mario et son fr\u00e8re Luigi ! Plombiers originaires du royaume Champignon, ils combattent des ennemis comme Bowser pour sauver la princesse Peach. Tr\u00e8s vite, ils sont devenus des figures embl\u00e9matiques de l\u2019univers des jeux vid\u00e9o !<\/p>\n\n\n\n<p>Pourquoi ne pas se laisser r\u00eaver et se transformer en une ic\u00f4ne vid\u00e9oludique le temps d\u2019une journ\u00e9e&nbsp;? Combinaison bleue et rouge, casquette orn\u00e9e d\u2019un \u00ab&nbsp;M&nbsp;\u00bb et fausse moustache : glissez-vous dans la peau de Mario. Vous pr\u00e9f\u00e9rez Luigi&nbsp;? Retrouvez sa tenue bleue et verte, son couvre-chef avec le motif \u00ab&nbsp;L&nbsp;\u00bb et sa c\u00e9l\u00e8bre moustache&nbsp;!<\/p>\n\n\n\n<div class=\"wp-block-columns is-layout-flex wp-container-core-columns-is-layout-9d6595d7 wp-block-columns-is-layout-flex\">\n<div class=\"wp-block-column is-layout-flow wp-block-column-is-layout-flow\">\n<figure class=\"wp-block-image size-full is-resized\"><a href=\"https:\/\/www.boutique-jourdefete.com\/deguisement-mario-adulte\/\" target=\"_blank\" rel=\" noreferrer noopener\"><img loading=\"lazy\" decoding=\"async\" width=\"1000\" height=\"1000\" src=\"https:\/\/www.boutique-jourdefete.com\/blog\/wp-content\/uploads\/2026\/02\/24808-super-mario-costume-mario-adulte.jpg\" alt=\"Un d\u00e9guisement de Mario pour le carnaval avec les jeux vid\u00e9o\" class=\"wp-image-10839\" style=\"object-fit:cover;width:300px;height:300px\" srcset=\"https:\/\/boutique-jourdefete.com\/blog\/wp-content\/uploads\/2026\/02\/24808-super-mario-costume-mario-adulte.jpg 1000w, https:\/\/boutique-jourdefete.com\/blog\/wp-content\/uploads\/2026\/02\/24808-super-mario-costume-mario-adulte-300x300.jpg 300w, https:\/\/boutique-jourdefete.com\/blog\/wp-content\/uploads\/2026\/02\/24808-super-mario-costume-mario-adulte-150x150.jpg 150w, https:\/\/boutique-jourdefete.com\/blog\/wp-content\/uploads\/2026\/02\/24808-super-mario-costume-mario-adulte-768x768.jpg 768w, https:\/\/boutique-jourdefete.com\/blog\/wp-content\/uploads\/2026\/02\/24808-super-mario-costume-mario-adulte-100x100.jpg 100w\" sizes=\"auto, (max-width: 1000px) 100vw, 1000px\" \/><\/a><\/figure>\n<\/div>\n\n\n\n<div class=\"wp-block-column is-layout-flow wp-block-column-is-layout-flow\">\n<figure class=\"wp-block-image size-full is-resized\"><a href=\"https:\/\/www.boutique-jourdefete.com\/deguisement-luigi-adulte\/\" target=\"_blank\" rel=\" noreferrer noopener\"><img loading=\"lazy\" decoding=\"async\" width=\"1000\" height=\"1000\" src=\"https:\/\/www.boutique-jourdefete.com\/blog\/wp-content\/uploads\/2026\/02\/24809-super-mario-costume-luigi-adulte.jpg\" alt=\"Un costume de Luigi pour le carnaval\" class=\"wp-image-10840\" style=\"object-fit:cover;width:300px;height:300px\" srcset=\"https:\/\/boutique-jourdefete.com\/blog\/wp-content\/uploads\/2026\/02\/24809-super-mario-costume-luigi-adulte.jpg 1000w, https:\/\/boutique-jourdefete.com\/blog\/wp-content\/uploads\/2026\/02\/24809-super-mario-costume-luigi-adulte-300x300.jpg 300w, https:\/\/boutique-jourdefete.com\/blog\/wp-content\/uploads\/2026\/02\/24809-super-mario-costume-luigi-adulte-150x150.jpg 150w, https:\/\/boutique-jourdefete.com\/blog\/wp-content\/uploads\/2026\/02\/24809-super-mario-costume-luigi-adulte-768x768.jpg 768w, https:\/\/boutique-jourdefete.com\/blog\/wp-content\/uploads\/2026\/02\/24809-super-mario-costume-luigi-adulte-100x100.jpg 100w\" sizes=\"auto, (max-width: 1000px) 100vw, 1000px\" \/><\/a><\/figure>\n<\/div>\n<\/div>\n\n\n\n<p>Bien \u00e9videmment, nous faisons les choses en grand, avec des collections pour toute la famille. Le d\u00e9guisement Mario est notamment disponible en taille b\u00e9b\u00e9 12\/18 mois !<\/p>\n\n\n\n<div class=\"wp-block-columns is-layout-flex wp-container-core-columns-is-layout-9d6595d7 wp-block-columns-is-layout-flex\">\n<div class=\"wp-block-column is-layout-flow wp-block-column-is-layout-flow\">\n<figure class=\"wp-block-image size-full is-resized\"><a href=\"https:\/\/www.boutique-jourdefete.com\/deguisement-mario-enfant\/\" target=\"_blank\" rel=\" noreferrer noopener\"><img loading=\"lazy\" decoding=\"async\" width=\"1000\" height=\"1000\" src=\"https:\/\/www.boutique-jourdefete.com\/blog\/wp-content\/uploads\/2026\/02\/24804-super-mario-costume-mario-enfant.jpg\" alt=\"Une tenue de Mario pour votre enfant\" class=\"wp-image-10843\" style=\"object-fit:cover;width:300px;height:300px\" srcset=\"https:\/\/boutique-jourdefete.com\/blog\/wp-content\/uploads\/2026\/02\/24804-super-mario-costume-mario-enfant.jpg 1000w, https:\/\/boutique-jourdefete.com\/blog\/wp-content\/uploads\/2026\/02\/24804-super-mario-costume-mario-enfant-300x300.jpg 300w, https:\/\/boutique-jourdefete.com\/blog\/wp-content\/uploads\/2026\/02\/24804-super-mario-costume-mario-enfant-150x150.jpg 150w, https:\/\/boutique-jourdefete.com\/blog\/wp-content\/uploads\/2026\/02\/24804-super-mario-costume-mario-enfant-768x768.jpg 768w, https:\/\/boutique-jourdefete.com\/blog\/wp-content\/uploads\/2026\/02\/24804-super-mario-costume-mario-enfant-100x100.jpg 100w\" sizes=\"auto, (max-width: 1000px) 100vw, 1000px\" \/><\/a><\/figure>\n<\/div>\n\n\n\n<div class=\"wp-block-column is-layout-flow wp-block-column-is-layout-flow\">\n<figure class=\"wp-block-image size-full is-resized\"><a href=\"https:\/\/www.boutique-jourdefete.com\/deguisement-luigi-enfant\/\" target=\"_blank\" rel=\" noreferrer noopener\"><img loading=\"lazy\" decoding=\"async\" width=\"1000\" height=\"1000\" src=\"https:\/\/www.boutique-jourdefete.com\/blog\/wp-content\/uploads\/2026\/02\/24812-super-mario-costume-luigi-enfant.jpg\" alt=\"Un d\u00e9guisement de Luigi pour un carnaval avec les jeux vid\u00e9o\" class=\"wp-image-10842\" style=\"object-fit:cover;width:300px;height:300px\" srcset=\"https:\/\/boutique-jourdefete.com\/blog\/wp-content\/uploads\/2026\/02\/24812-super-mario-costume-luigi-enfant.jpg 1000w, https:\/\/boutique-jourdefete.com\/blog\/wp-content\/uploads\/2026\/02\/24812-super-mario-costume-luigi-enfant-300x300.jpg 300w, https:\/\/boutique-jourdefete.com\/blog\/wp-content\/uploads\/2026\/02\/24812-super-mario-costume-luigi-enfant-150x150.jpg 150w, https:\/\/boutique-jourdefete.com\/blog\/wp-content\/uploads\/2026\/02\/24812-super-mario-costume-luigi-enfant-768x768.jpg 768w, https:\/\/boutique-jourdefete.com\/blog\/wp-content\/uploads\/2026\/02\/24812-super-mario-costume-luigi-enfant-100x100.jpg 100w\" sizes=\"auto, (max-width: 1000px) 100vw, 1000px\" \/><\/a><\/figure>\n<\/div>\n\n\n\n<div class=\"wp-block-column is-layout-flow wp-block-column-is-layout-flow\">\n<figure class=\"wp-block-image size-full is-resized\"><a href=\"https:\/\/www.boutique-jourdefete.com\/super-mario-bebe-mario-12-18-mois\/\" target=\"_blank\" rel=\" noreferrer noopener\"><img loading=\"lazy\" decoding=\"async\" width=\"1000\" height=\"1000\" src=\"https:\/\/www.boutique-jourdefete.com\/blog\/wp-content\/uploads\/2026\/02\/24822-super-mario-bebe-mario.jpg\" alt=\"Un costume de Mario pour b\u00e9b\u00e9\" class=\"wp-image-10841\" style=\"object-fit:cover;width:300px;height:300px\" srcset=\"https:\/\/boutique-jourdefete.com\/blog\/wp-content\/uploads\/2026\/02\/24822-super-mario-bebe-mario.jpg 1000w, https:\/\/boutique-jourdefete.com\/blog\/wp-content\/uploads\/2026\/02\/24822-super-mario-bebe-mario-300x300.jpg 300w, https:\/\/boutique-jourdefete.com\/blog\/wp-content\/uploads\/2026\/02\/24822-super-mario-bebe-mario-150x150.jpg 150w, https:\/\/boutique-jourdefete.com\/blog\/wp-content\/uploads\/2026\/02\/24822-super-mario-bebe-mario-768x768.jpg 768w, https:\/\/boutique-jourdefete.com\/blog\/wp-content\/uploads\/2026\/02\/24822-super-mario-bebe-mario-100x100.jpg 100w\" sizes=\"auto, (max-width: 1000px) 100vw, 1000px\" \/><\/a><\/figure>\n<\/div>\n<\/div>\n\n\n\n<p>Et pour ceux qui pr\u00e9f\u00e8rent quelque chose de plus l\u00e9ger, retrouvez nos kits d\u2019accessoires Mario et Luigi ! Compos\u00e9s d\u2019une casquette et d\u2019une moustache adh\u00e9sive, ce sont les accessoires parfaits pour leur ressembler sans trop se d\u00e9guiser.<\/p>\n\n\n\n<div class=\"wp-block-columns is-layout-flex wp-container-core-columns-is-layout-9d6595d7 wp-block-columns-is-layout-flex\">\n<div class=\"wp-block-column is-layout-flow wp-block-column-is-layout-flow\">\n<figure class=\"wp-block-image size-full is-resized\"><a href=\"https:\/\/www.boutique-jourdefete.com\/super-mario-kit-mario-adulte\/\" target=\"_blank\" rel=\" noreferrer noopener\"><img loading=\"lazy\" decoding=\"async\" width=\"1000\" height=\"1000\" src=\"https:\/\/www.boutique-jourdefete.com\/blog\/wp-content\/uploads\/2026\/02\/24818-super-mario-kit-mario-adulte.jpg\" alt=\"Un kit d'accessoires de Mario pour le carnaval avec les jeux vid\u00e9o\" class=\"wp-image-10844\" style=\"object-fit:cover;width:300px;height:300px\" srcset=\"https:\/\/boutique-jourdefete.com\/blog\/wp-content\/uploads\/2026\/02\/24818-super-mario-kit-mario-adulte.jpg 1000w, https:\/\/boutique-jourdefete.com\/blog\/wp-content\/uploads\/2026\/02\/24818-super-mario-kit-mario-adulte-300x300.jpg 300w, https:\/\/boutique-jourdefete.com\/blog\/wp-content\/uploads\/2026\/02\/24818-super-mario-kit-mario-adulte-150x150.jpg 150w, https:\/\/boutique-jourdefete.com\/blog\/wp-content\/uploads\/2026\/02\/24818-super-mario-kit-mario-adulte-768x768.jpg 768w, https:\/\/boutique-jourdefete.com\/blog\/wp-content\/uploads\/2026\/02\/24818-super-mario-kit-mario-adulte-100x100.jpg 100w\" sizes=\"auto, (max-width: 1000px) 100vw, 1000px\" \/><\/a><\/figure>\n<\/div>\n\n\n\n<div class=\"wp-block-column is-layout-flow wp-block-column-is-layout-flow\">\n<figure class=\"wp-block-image size-full is-resized\"><a href=\"https:\/\/www.boutique-jourdefete.com\/super-mario-kit-luigi-adulte\/\" target=\"_blank\" rel=\" noreferrer noopener\"><img loading=\"lazy\" decoding=\"async\" width=\"1000\" height=\"1000\" src=\"https:\/\/www.boutique-jourdefete.com\/blog\/wp-content\/uploads\/2026\/02\/24819-super-mario-kit-luigi-adulte.jpg\" alt=\"Un costume de Luigi pour le carnaval\" class=\"wp-image-10845\" style=\"object-fit:cover;width:300px;height:300px\" srcset=\"https:\/\/boutique-jourdefete.com\/blog\/wp-content\/uploads\/2026\/02\/24819-super-mario-kit-luigi-adulte.jpg 1000w, https:\/\/boutique-jourdefete.com\/blog\/wp-content\/uploads\/2026\/02\/24819-super-mario-kit-luigi-adulte-300x300.jpg 300w, https:\/\/boutique-jourdefete.com\/blog\/wp-content\/uploads\/2026\/02\/24819-super-mario-kit-luigi-adulte-150x150.jpg 150w, https:\/\/boutique-jourdefete.com\/blog\/wp-content\/uploads\/2026\/02\/24819-super-mario-kit-luigi-adulte-768x768.jpg 768w, https:\/\/boutique-jourdefete.com\/blog\/wp-content\/uploads\/2026\/02\/24819-super-mario-kit-luigi-adulte-100x100.jpg 100w\" sizes=\"auto, (max-width: 1000px) 100vw, 1000px\" \/><\/a><\/figure>\n<\/div>\n<\/div>\n\n\n\n<p>D\u00e9couvrez aussi la collection de masques. Mario, Luigi, Donkey Kong : l\u2019\u00e9quipe est au complet pour faire trembler Bowser et sauver la princesse.<\/p>\n\n\n\n<div class=\"wp-block-columns is-layout-flex wp-container-core-columns-is-layout-9d6595d7 wp-block-columns-is-layout-flex\">\n<div class=\"wp-block-column is-layout-flow wp-block-column-is-layout-flow\">\n<figure class=\"wp-block-image size-large is-resized\"><a href=\"https:\/\/www.boutique-jourdefete.com\/super-mario-masque-mario-adulte-92215\/\" target=\"_blank\" rel=\" noreferrer noopener\"><img loading=\"lazy\" decoding=\"async\" width=\"1024\" height=\"1024\" src=\"https:\/\/www.boutique-jourdefete.com\/blog\/wp-content\/uploads\/2026\/02\/24820_2_masque_mario_adulte-1024x1024.jpg\" alt=\"Un masque de Mario pour un carnaval avec les jeux vid\u00e9o\" class=\"wp-image-10847\" style=\"object-fit:cover;width:300px;height:300px\" srcset=\"https:\/\/boutique-jourdefete.com\/blog\/wp-content\/uploads\/2026\/02\/24820_2_masque_mario_adulte-1024x1024.jpg 1024w, https:\/\/boutique-jourdefete.com\/blog\/wp-content\/uploads\/2026\/02\/24820_2_masque_mario_adulte-300x300.jpg 300w, https:\/\/boutique-jourdefete.com\/blog\/wp-content\/uploads\/2026\/02\/24820_2_masque_mario_adulte-150x150.jpg 150w, https:\/\/boutique-jourdefete.com\/blog\/wp-content\/uploads\/2026\/02\/24820_2_masque_mario_adulte-768x768.jpg 768w, https:\/\/boutique-jourdefete.com\/blog\/wp-content\/uploads\/2026\/02\/24820_2_masque_mario_adulte-100x100.jpg 100w, https:\/\/boutique-jourdefete.com\/blog\/wp-content\/uploads\/2026\/02\/24820_2_masque_mario_adulte.jpg 1080w\" sizes=\"auto, (max-width: 1024px) 100vw, 1024px\" \/><\/a><\/figure>\n<\/div>\n\n\n\n<div class=\"wp-block-column is-layout-flow wp-block-column-is-layout-flow\">\n<figure class=\"wp-block-image size-full is-resized\"><a href=\"https:\/\/www.boutique-jourdefete.com\/super-mario-masque-luigi-adulte-new\/\" target=\"_blank\" rel=\" noreferrer noopener\"><img loading=\"lazy\" decoding=\"async\" width=\"1000\" height=\"1000\" src=\"https:\/\/www.boutique-jourdefete.com\/blog\/wp-content\/uploads\/2026\/02\/24821-super-mario-masque-luigi-adulte.jpg\" alt=\"Le masque de Luigi parfait pour le carnaval\" class=\"wp-image-10846\" style=\"object-fit:cover;width:300px;height:300px\" srcset=\"https:\/\/boutique-jourdefete.com\/blog\/wp-content\/uploads\/2026\/02\/24821-super-mario-masque-luigi-adulte.jpg 1000w, https:\/\/boutique-jourdefete.com\/blog\/wp-content\/uploads\/2026\/02\/24821-super-mario-masque-luigi-adulte-300x300.jpg 300w, https:\/\/boutique-jourdefete.com\/blog\/wp-content\/uploads\/2026\/02\/24821-super-mario-masque-luigi-adulte-150x150.jpg 150w, https:\/\/boutique-jourdefete.com\/blog\/wp-content\/uploads\/2026\/02\/24821-super-mario-masque-luigi-adulte-768x768.jpg 768w, https:\/\/boutique-jourdefete.com\/blog\/wp-content\/uploads\/2026\/02\/24821-super-mario-masque-luigi-adulte-100x100.jpg 100w\" sizes=\"auto, (max-width: 1000px) 100vw, 1000px\" \/><\/a><\/figure>\n<\/div>\n\n\n\n<div class=\"wp-block-column is-layout-flow wp-block-column-is-layout-flow\">\n<figure class=\"wp-block-image size-full is-resized\"><a href=\"https:\/\/www.boutique-jourdefete.com\/donkey-kong-masque-adulte\/\" target=\"_blank\" rel=\" noreferrer noopener\"><img loading=\"lazy\" decoding=\"async\" width=\"800\" height=\"800\" src=\"https:\/\/www.boutique-jourdefete.com\/blog\/wp-content\/uploads\/2026\/02\/98827-15L-masque-donkey-kong-adulte.jpg\" alt=\"Un masque de Donkey Kong pour un carnaval vid\u00e9oludique\" class=\"wp-image-10848\" style=\"object-fit:cover;width:300px;height:300px\" srcset=\"https:\/\/boutique-jourdefete.com\/blog\/wp-content\/uploads\/2026\/02\/98827-15L-masque-donkey-kong-adulte.jpg 800w, https:\/\/boutique-jourdefete.com\/blog\/wp-content\/uploads\/2026\/02\/98827-15L-masque-donkey-kong-adulte-300x300.jpg 300w, https:\/\/boutique-jourdefete.com\/blog\/wp-content\/uploads\/2026\/02\/98827-15L-masque-donkey-kong-adulte-150x150.jpg 150w, https:\/\/boutique-jourdefete.com\/blog\/wp-content\/uploads\/2026\/02\/98827-15L-masque-donkey-kong-adulte-768x768.jpg 768w, https:\/\/boutique-jourdefete.com\/blog\/wp-content\/uploads\/2026\/02\/98827-15L-masque-donkey-kong-adulte-100x100.jpg 100w\" sizes=\"auto, (max-width: 800px) 100vw, 800px\" \/><\/a><\/figure>\n<\/div>\n<\/div>\n\n\n\n<p>De plus, pour les filles, retrouvez notre <a href=\"https:\/\/www.boutique-jourdefete.com\/deguisement-fille-princesse-etoilee\/\" target=\"_blank\" rel=\"noreferrer noopener\">robe inspir\u00e9e de la princesse Peach<\/a> ! De quoi rendre jalouses toutes les princesses !<\/p>\n\n\n\n<h2 class=\"wp-block-heading\" id=\"pokemon\">Pok\u00e9mon : Attrapez-les tous !<\/h2>\n\n\n\n<p>Par la suite, nous retrouvons une large collection de produits Pok\u00e9mon ! Cr\u00e9\u00e9 il y a maintenant 30 ans pour la console \u00ab Game Boy \u00bb, Pok\u00e9mon devient rapidement un ph\u00e9nom\u00e8ne mondial. De plus, avec l\u2019arriv\u00e9e du dessin anim\u00e9, le ph\u00e9nom\u00e8ne conna\u00eet une ascension encore plus grande ! Depuis plusieurs g\u00e9n\u00e9rations, et aujourd\u2019hui encore, les enfants du monde entier veulent leur ressembler. C\u2019est pourquoi Jour de F\u00eate vous propose une large collection de d\u00e9guisements et d&rsquo;accessoires Pok\u00e9mon pour faire r\u00eaver les petits comme les grands !<\/p>\n\n\n\n<p>Laissez-vous tenter par nos combinaisons accompagn\u00e9es d\u2019un masque Pikachu ou Salam\u00e8che !<\/p>\n\n\n\n<div class=\"wp-block-columns is-layout-flex wp-container-core-columns-is-layout-9d6595d7 wp-block-columns-is-layout-flex\">\n<div class=\"wp-block-column is-layout-flow wp-block-column-is-layout-flow\">\n<figure class=\"wp-block-image size-full is-resized\"><a href=\"https:\/\/www.boutique-jourdefete.com\/pokemon-deguisement-pikachu-enfant\/\" target=\"_blank\" rel=\" noreferrer noopener\"><img loading=\"lazy\" decoding=\"async\" width=\"1000\" height=\"1000\" src=\"https:\/\/www.boutique-jourdefete.com\/blog\/wp-content\/uploads\/2026\/02\/24780-pokemon-costume-pikachu-enfant.jpg\" alt=\"Une combinaison Pikachu pour votre f\u00eate\" class=\"wp-image-10849\" style=\"object-fit:cover;width:300px;height:300px\" srcset=\"https:\/\/boutique-jourdefete.com\/blog\/wp-content\/uploads\/2026\/02\/24780-pokemon-costume-pikachu-enfant.jpg 1000w, https:\/\/boutique-jourdefete.com\/blog\/wp-content\/uploads\/2026\/02\/24780-pokemon-costume-pikachu-enfant-300x300.jpg 300w, https:\/\/boutique-jourdefete.com\/blog\/wp-content\/uploads\/2026\/02\/24780-pokemon-costume-pikachu-enfant-150x150.jpg 150w, https:\/\/boutique-jourdefete.com\/blog\/wp-content\/uploads\/2026\/02\/24780-pokemon-costume-pikachu-enfant-768x768.jpg 768w, https:\/\/boutique-jourdefete.com\/blog\/wp-content\/uploads\/2026\/02\/24780-pokemon-costume-pikachu-enfant-100x100.jpg 100w\" sizes=\"auto, (max-width: 1000px) 100vw, 1000px\" \/><\/a><\/figure>\n<\/div>\n\n\n\n<div class=\"wp-block-column is-layout-flow wp-block-column-is-layout-flow\">\n<figure class=\"wp-block-image size-full is-resized\"><a href=\"https:\/\/www.boutique-jourdefete.com\/pokemon-deguisement-salameche-enfant\/\" target=\"_blank\" rel=\" noreferrer noopener\"><img loading=\"lazy\" decoding=\"async\" width=\"1000\" height=\"1000\" src=\"https:\/\/www.boutique-jourdefete.com\/blog\/wp-content\/uploads\/2026\/02\/24772-pokemon-costume-salameche-enfant.jpg\" alt=\"Une tenue Salam\u00e8che pour un carnaval sous le th\u00e8me des jeux vid\u00e9o\" class=\"wp-image-10850\" style=\"object-fit:cover;width:300px;height:300px\" srcset=\"https:\/\/boutique-jourdefete.com\/blog\/wp-content\/uploads\/2026\/02\/24772-pokemon-costume-salameche-enfant.jpg 1000w, https:\/\/boutique-jourdefete.com\/blog\/wp-content\/uploads\/2026\/02\/24772-pokemon-costume-salameche-enfant-300x300.jpg 300w, https:\/\/boutique-jourdefete.com\/blog\/wp-content\/uploads\/2026\/02\/24772-pokemon-costume-salameche-enfant-150x150.jpg 150w, https:\/\/boutique-jourdefete.com\/blog\/wp-content\/uploads\/2026\/02\/24772-pokemon-costume-salameche-enfant-768x768.jpg 768w, https:\/\/boutique-jourdefete.com\/blog\/wp-content\/uploads\/2026\/02\/24772-pokemon-costume-salameche-enfant-100x100.jpg 100w\" sizes=\"auto, (max-width: 1000px) 100vw, 1000px\" \/><\/a><\/figure>\n<\/div>\n<\/div>\n\n\n\n<p>Vous souhaitez un d\u00e9guisement mignon ? Retrouvez le <a href=\"https:\/\/www.boutique-jourdefete.com\/pokemon-deguisement-evoli-enfant\/\" target=\"_blank\" rel=\"noreferrer noopener\">costume d\u2019\u00c9voli pour enfant<\/a> !<\/p>\n\n\n\n<p>Votre enfant pr\u00e9f\u00e8re une tenue simple ? Optez pour les accessoires : le masque et le serre-t\u00eate de Pikachu, le masque de Bulbizarre, ou encore le masque de Salam\u00e8che.<\/p>\n\n\n\n<div class=\"wp-block-columns is-layout-flex wp-container-core-columns-is-layout-9d6595d7 wp-block-columns-is-layout-flex\">\n<div class=\"wp-block-column is-layout-flow wp-block-column-is-layout-flow\">\n<figure class=\"wp-block-image size-full is-resized\"><a href=\"https:\/\/www.boutique-jourdefete.com\/pokemon-serre-tete-pikachu\/\" target=\"_blank\" rel=\" noreferrer noopener\"><img loading=\"lazy\" decoding=\"async\" width=\"1000\" height=\"1000\" src=\"https:\/\/www.boutique-jourdefete.com\/blog\/wp-content\/uploads\/2026\/02\/24775-pokemon-serre-tete-pikachu.jpg\" alt=\"Un serre-t\u00eate de Pikachu pour votre carnaval\" class=\"wp-image-10852\" style=\"object-fit:cover;width:300px;height:300px\" srcset=\"https:\/\/boutique-jourdefete.com\/blog\/wp-content\/uploads\/2026\/02\/24775-pokemon-serre-tete-pikachu.jpg 1000w, https:\/\/boutique-jourdefete.com\/blog\/wp-content\/uploads\/2026\/02\/24775-pokemon-serre-tete-pikachu-300x300.jpg 300w, https:\/\/boutique-jourdefete.com\/blog\/wp-content\/uploads\/2026\/02\/24775-pokemon-serre-tete-pikachu-150x150.jpg 150w, https:\/\/boutique-jourdefete.com\/blog\/wp-content\/uploads\/2026\/02\/24775-pokemon-serre-tete-pikachu-768x768.jpg 768w, https:\/\/boutique-jourdefete.com\/blog\/wp-content\/uploads\/2026\/02\/24775-pokemon-serre-tete-pikachu-100x100.jpg 100w\" sizes=\"auto, (max-width: 1000px) 100vw, 1000px\" \/><\/a><\/figure>\n<\/div>\n\n\n\n<div class=\"wp-block-column is-layout-flow wp-block-column-is-layout-flow\">\n<figure class=\"wp-block-image size-full is-resized\"><a href=\"https:\/\/www.boutique-jourdefete.com\/pokemon-masque-bulbizarre\/\" target=\"_blank\" rel=\" noreferrer noopener\"><img loading=\"lazy\" decoding=\"async\" width=\"1000\" height=\"1000\" src=\"https:\/\/www.boutique-jourdefete.com\/blog\/wp-content\/uploads\/2026\/02\/24776-pokemon-masque-bulbizarre-enfant.jpg\" alt=\"Un masque de Bulbizarre pour le carnaval avec les jeux vid\u00e9o de votre enfant\" class=\"wp-image-10854\" style=\"object-fit:cover;width:300px;height:300px\" srcset=\"https:\/\/boutique-jourdefete.com\/blog\/wp-content\/uploads\/2026\/02\/24776-pokemon-masque-bulbizarre-enfant.jpg 1000w, https:\/\/boutique-jourdefete.com\/blog\/wp-content\/uploads\/2026\/02\/24776-pokemon-masque-bulbizarre-enfant-300x300.jpg 300w, https:\/\/boutique-jourdefete.com\/blog\/wp-content\/uploads\/2026\/02\/24776-pokemon-masque-bulbizarre-enfant-150x150.jpg 150w, https:\/\/boutique-jourdefete.com\/blog\/wp-content\/uploads\/2026\/02\/24776-pokemon-masque-bulbizarre-enfant-768x768.jpg 768w, https:\/\/boutique-jourdefete.com\/blog\/wp-content\/uploads\/2026\/02\/24776-pokemon-masque-bulbizarre-enfant-100x100.jpg 100w\" sizes=\"auto, (max-width: 1000px) 100vw, 1000px\" \/><\/a><\/figure>\n<\/div>\n\n\n\n<div class=\"wp-block-column is-layout-flow wp-block-column-is-layout-flow\">\n<figure class=\"wp-block-image size-full is-resized\"><a href=\"https:\/\/www.boutique-jourdefete.com\/pokemon-masque-salameche\/\" target=\"_blank\" rel=\" noreferrer noopener\"><img loading=\"lazy\" decoding=\"async\" width=\"1000\" height=\"1000\" src=\"https:\/\/www.boutique-jourdefete.com\/blog\/wp-content\/uploads\/2026\/02\/24777-pokemon-masque-salameche-enfant.jpg\" alt=\"Un masque de Salam\u00e8che de Pok\u00e9mon pour votre enfant\" class=\"wp-image-10853\" style=\"object-fit:cover;width:300px;height:300px\" srcset=\"https:\/\/boutique-jourdefete.com\/blog\/wp-content\/uploads\/2026\/02\/24777-pokemon-masque-salameche-enfant.jpg 1000w, https:\/\/boutique-jourdefete.com\/blog\/wp-content\/uploads\/2026\/02\/24777-pokemon-masque-salameche-enfant-300x300.jpg 300w, https:\/\/boutique-jourdefete.com\/blog\/wp-content\/uploads\/2026\/02\/24777-pokemon-masque-salameche-enfant-150x150.jpg 150w, https:\/\/boutique-jourdefete.com\/blog\/wp-content\/uploads\/2026\/02\/24777-pokemon-masque-salameche-enfant-768x768.jpg 768w, https:\/\/boutique-jourdefete.com\/blog\/wp-content\/uploads\/2026\/02\/24777-pokemon-masque-salameche-enfant-100x100.jpg 100w\" sizes=\"auto, (max-width: 1000px) 100vw, 1000px\" \/><\/a><\/figure>\n<\/div>\n<\/div>\n\n\n\n<p>Retrouvez tout ce dont vous avez besoin pour un carnaval sur le th\u00e8me des jeux vid\u00e9o.<\/p>\n\n\n\n<h2 class=\"wp-block-heading\" id=\"autres\">D\u2019autres licences de jeux vid\u00e9o pour ce carnaval !<\/h2>\n\n\n\n<p>Vous n\u2019avez pas encore trouv\u00e9 votre bonheur&nbsp;? Pas d\u2019inqui\u00e9tude, voici toutes nos autres licences&nbsp;!<\/p>\n\n\n\n<p>Tout d\u2019abord, d\u00e9couvrez la tenue compl\u00e8te de Link, h\u00e9ros du royaume d\u2019Hyrule et personnage embl\u00e9matique du jeu vid\u00e9o \u00ab The Legend of Zelda \u00bb. Munissez-vous de son \u00e9p\u00e9e de 66 cm et de son bouclier hylien, et rev\u00eatez le <a href=\"https:\/\/www.boutique-jourdefete.com\/the-legend-of-zelda-deguisement-link-adulte\/\" target=\"_blank\" rel=\"noreferrer noopener\">d\u00e9guisement de Link en taille adulte<\/a> ou enfant !<\/p>\n\n\n\n<div class=\"wp-block-columns is-layout-flex wp-container-core-columns-is-layout-9d6595d7 wp-block-columns-is-layout-flex\">\n<div class=\"wp-block-column is-layout-flow wp-block-column-is-layout-flow\">\n<figure class=\"wp-block-image size-full is-resized\"><a href=\"https:\/\/www.boutique-jourdefete.com\/the-legend-of-zelda-deguisement-link-enfant\/\" target=\"_blank\" rel=\" noreferrer noopener\"><img loading=\"lazy\" decoding=\"async\" width=\"1000\" height=\"1000\" src=\"https:\/\/www.boutique-jourdefete.com\/blog\/wp-content\/uploads\/2026\/02\/24858-zelda-costume-link-enfant.jpg\" alt=\"Un d\u00e9guisement de Link pour le carnaval de votre enfant\" class=\"wp-image-10859\" style=\"object-fit:cover;width:300px;height:300px\" srcset=\"https:\/\/boutique-jourdefete.com\/blog\/wp-content\/uploads\/2026\/02\/24858-zelda-costume-link-enfant.jpg 1000w, https:\/\/boutique-jourdefete.com\/blog\/wp-content\/uploads\/2026\/02\/24858-zelda-costume-link-enfant-300x300.jpg 300w, https:\/\/boutique-jourdefete.com\/blog\/wp-content\/uploads\/2026\/02\/24858-zelda-costume-link-enfant-150x150.jpg 150w, https:\/\/boutique-jourdefete.com\/blog\/wp-content\/uploads\/2026\/02\/24858-zelda-costume-link-enfant-768x768.jpg 768w, https:\/\/boutique-jourdefete.com\/blog\/wp-content\/uploads\/2026\/02\/24858-zelda-costume-link-enfant-100x100.jpg 100w\" sizes=\"auto, (max-width: 1000px) 100vw, 1000px\" \/><\/a><\/figure>\n<\/div>\n\n\n\n<div class=\"wp-block-column is-layout-flow wp-block-column-is-layout-flow\">\n<figure class=\"wp-block-image size-full is-resized\"><a href=\"https:\/\/www.boutique-jourdefete.com\/zelda-epee-link-avec-fourreau\/\" target=\"_blank\" rel=\" noreferrer noopener\"><img loading=\"lazy\" decoding=\"async\" width=\"1000\" height=\"1000\" src=\"https:\/\/www.boutique-jourdefete.com\/blog\/wp-content\/uploads\/2026\/02\/24862-3-zelda-epee-link-avec-fourreau.jpg\" alt=\"L'\u00e9p\u00e9e de Zelda pour un carnaval jeux vid\u00e9o !\" class=\"wp-image-10860\" style=\"object-fit:cover;width:300px;height:300px\" srcset=\"https:\/\/boutique-jourdefete.com\/blog\/wp-content\/uploads\/2026\/02\/24862-3-zelda-epee-link-avec-fourreau.jpg 1000w, https:\/\/boutique-jourdefete.com\/blog\/wp-content\/uploads\/2026\/02\/24862-3-zelda-epee-link-avec-fourreau-300x300.jpg 300w, https:\/\/boutique-jourdefete.com\/blog\/wp-content\/uploads\/2026\/02\/24862-3-zelda-epee-link-avec-fourreau-150x150.jpg 150w, https:\/\/boutique-jourdefete.com\/blog\/wp-content\/uploads\/2026\/02\/24862-3-zelda-epee-link-avec-fourreau-768x768.jpg 768w, https:\/\/boutique-jourdefete.com\/blog\/wp-content\/uploads\/2026\/02\/24862-3-zelda-epee-link-avec-fourreau-100x100.jpg 100w\" sizes=\"auto, (max-width: 1000px) 100vw, 1000px\" \/><\/a><\/figure>\n<\/div>\n\n\n\n<div class=\"wp-block-column is-layout-flow wp-block-column-is-layout-flow\">\n<figure class=\"wp-block-image size-full is-resized\"><a href=\"https:\/\/www.boutique-jourdefete.com\/zelda-bouclier-link\/\" target=\"_blank\" rel=\" noreferrer noopener\"><img loading=\"lazy\" decoding=\"async\" width=\"1000\" height=\"1000\" src=\"https:\/\/www.boutique-jourdefete.com\/blog\/wp-content\/uploads\/2026\/02\/24861-zelda-bouclier-link.jpg\" alt=\"Le bouclier de Zelda pour un carnaval jeux vid\u00e9o !\" class=\"wp-image-10861\" style=\"object-fit:cover;width:300px;height:300px\" srcset=\"https:\/\/boutique-jourdefete.com\/blog\/wp-content\/uploads\/2026\/02\/24861-zelda-bouclier-link.jpg 1000w, https:\/\/boutique-jourdefete.com\/blog\/wp-content\/uploads\/2026\/02\/24861-zelda-bouclier-link-300x300.jpg 300w, https:\/\/boutique-jourdefete.com\/blog\/wp-content\/uploads\/2026\/02\/24861-zelda-bouclier-link-150x150.jpg 150w, https:\/\/boutique-jourdefete.com\/blog\/wp-content\/uploads\/2026\/02\/24861-zelda-bouclier-link-768x768.jpg 768w, https:\/\/boutique-jourdefete.com\/blog\/wp-content\/uploads\/2026\/02\/24861-zelda-bouclier-link-100x100.jpg 100w\" sizes=\"auto, (max-width: 1000px) 100vw, 1000px\" \/><\/a><\/figure>\n<\/div>\n<\/div>\n\n\n\n<p>Ensuite, retrouvez Sonic, un petit h\u00e9risson bleu qui se d\u00e9place \u00e0 la vitesse du son. Optez pour son masque et sa combinaison bleue permettant de se transformer en h\u00e9risson le plus rapide !<\/p>\n\n\n\n<div class=\"wp-block-columns is-layout-flex wp-container-core-columns-is-layout-9d6595d7 wp-block-columns-is-layout-flex\">\n<div class=\"wp-block-column is-layout-flow wp-block-column-is-layout-flow\">\n<figure class=\"wp-block-image size-full is-resized\"><a href=\"https:\/\/www.boutique-jourdefete.com\/sonic-film-deguisement-sonic-enfant\/\" target=\"_blank\" rel=\" noreferrer noopener\"><img loading=\"lazy\" decoding=\"async\" width=\"1000\" height=\"1000\" src=\"https:\/\/www.boutique-jourdefete.com\/blog\/wp-content\/uploads\/2026\/02\/24843-sonic-costume-sonic-movie-enfant.jpg\" alt=\"Le costume de Sonic pour votre enfant\" class=\"wp-image-10858\" style=\"object-fit:cover;width:300px;height:300px\" srcset=\"https:\/\/boutique-jourdefete.com\/blog\/wp-content\/uploads\/2026\/02\/24843-sonic-costume-sonic-movie-enfant.jpg 1000w, https:\/\/boutique-jourdefete.com\/blog\/wp-content\/uploads\/2026\/02\/24843-sonic-costume-sonic-movie-enfant-300x300.jpg 300w, https:\/\/boutique-jourdefete.com\/blog\/wp-content\/uploads\/2026\/02\/24843-sonic-costume-sonic-movie-enfant-150x150.jpg 150w, https:\/\/boutique-jourdefete.com\/blog\/wp-content\/uploads\/2026\/02\/24843-sonic-costume-sonic-movie-enfant-768x768.jpg 768w, https:\/\/boutique-jourdefete.com\/blog\/wp-content\/uploads\/2026\/02\/24843-sonic-costume-sonic-movie-enfant-100x100.jpg 100w\" sizes=\"auto, (max-width: 1000px) 100vw, 1000px\" \/><\/a><\/figure>\n<\/div>\n\n\n\n<div class=\"wp-block-column is-layout-flow wp-block-column-is-layout-flow\">\n<figure class=\"wp-block-image size-full is-resized\"><a href=\"https:\/\/www.boutique-jourdefete.com\/sonic-masque-enfant\/\" target=\"_blank\" rel=\" noreferrer noopener\"><img loading=\"lazy\" decoding=\"async\" width=\"1000\" height=\"1000\" src=\"https:\/\/www.boutique-jourdefete.com\/blog\/wp-content\/uploads\/2026\/02\/R301602_masque_sonic_enfant.jpg\" alt=\"Le masque de Sonic pour le carnaval jeux vid\u00e9o de votre enfant\" class=\"wp-image-10862\" style=\"object-fit:cover;width:300px;height:300px\" srcset=\"https:\/\/boutique-jourdefete.com\/blog\/wp-content\/uploads\/2026\/02\/R301602_masque_sonic_enfant.jpg 1000w, https:\/\/boutique-jourdefete.com\/blog\/wp-content\/uploads\/2026\/02\/R301602_masque_sonic_enfant-300x300.jpg 300w, https:\/\/boutique-jourdefete.com\/blog\/wp-content\/uploads\/2026\/02\/R301602_masque_sonic_enfant-150x150.jpg 150w, https:\/\/boutique-jourdefete.com\/blog\/wp-content\/uploads\/2026\/02\/R301602_masque_sonic_enfant-768x768.jpg 768w, https:\/\/boutique-jourdefete.com\/blog\/wp-content\/uploads\/2026\/02\/R301602_masque_sonic_enfant-100x100.jpg 100w\" sizes=\"auto, (max-width: 1000px) 100vw, 1000px\" \/><\/a><\/figure>\n<\/div>\n<\/div>\n\n\n\n<p>Envie de jouer avec les pixels ? Jetez donc un \u0153il \u00e0 nos accessoires Minecraft, un jeu vid\u00e9o ador\u00e9 de tous. Une \u00e9p\u00e9e en diamant et une pioche en diamant : quoi de mieux pour construire un super carnaval sur le th\u00e8me des jeux vid\u00e9o ?<\/p>\n\n\n\n<div class=\"wp-block-columns is-layout-flex wp-container-core-columns-is-layout-9d6595d7 wp-block-columns-is-layout-flex\">\n<div class=\"wp-block-column is-layout-flow wp-block-column-is-layout-flow\">\n<figure class=\"wp-block-image size-full is-resized\"><a href=\"https:\/\/www.boutique-jourdefete.com\/minecraft-deguisement-steve-enfant\/\" target=\"_blank\" rel=\" noreferrer noopener\"><img loading=\"lazy\" decoding=\"async\" width=\"1000\" height=\"1000\" src=\"https:\/\/www.boutique-jourdefete.com\/blog\/wp-content\/uploads\/2026\/02\/24787_deguisement_steve_minecraft_enfant.jpg\" alt=\"La tenue de Steve pour le carnaval de votre enfant\" class=\"wp-image-10855\" style=\"object-fit:cover;width:300px;height:300px\" srcset=\"https:\/\/boutique-jourdefete.com\/blog\/wp-content\/uploads\/2026\/02\/24787_deguisement_steve_minecraft_enfant.jpg 1000w, https:\/\/boutique-jourdefete.com\/blog\/wp-content\/uploads\/2026\/02\/24787_deguisement_steve_minecraft_enfant-300x300.jpg 300w, https:\/\/boutique-jourdefete.com\/blog\/wp-content\/uploads\/2026\/02\/24787_deguisement_steve_minecraft_enfant-150x150.jpg 150w, https:\/\/boutique-jourdefete.com\/blog\/wp-content\/uploads\/2026\/02\/24787_deguisement_steve_minecraft_enfant-768x768.jpg 768w, https:\/\/boutique-jourdefete.com\/blog\/wp-content\/uploads\/2026\/02\/24787_deguisement_steve_minecraft_enfant-100x100.jpg 100w\" sizes=\"auto, (max-width: 1000px) 100vw, 1000px\" \/><\/a><\/figure>\n<\/div>\n\n\n\n<div class=\"wp-block-column is-layout-flow wp-block-column-is-layout-flow\">\n<figure class=\"wp-block-image size-full is-resized\"><a href=\"https:\/\/www.boutique-jourdefete.com\/minecraft-epee-verte\/\" target=\"_blank\" rel=\" noreferrer noopener\"><img loading=\"lazy\" decoding=\"async\" width=\"1000\" height=\"1000\" src=\"https:\/\/www.boutique-jourdefete.com\/blog\/wp-content\/uploads\/2026\/02\/24788-minecraft-epee-verte.jpg\" alt=\"L'\u00e9p\u00e9e de Minecraft pour un carnaval jeux vid\u00e9o !\" class=\"wp-image-10857\" style=\"object-fit:cover;width:300px;height:300px\" srcset=\"https:\/\/boutique-jourdefete.com\/blog\/wp-content\/uploads\/2026\/02\/24788-minecraft-epee-verte.jpg 1000w, https:\/\/boutique-jourdefete.com\/blog\/wp-content\/uploads\/2026\/02\/24788-minecraft-epee-verte-300x300.jpg 300w, https:\/\/boutique-jourdefete.com\/blog\/wp-content\/uploads\/2026\/02\/24788-minecraft-epee-verte-150x150.jpg 150w, https:\/\/boutique-jourdefete.com\/blog\/wp-content\/uploads\/2026\/02\/24788-minecraft-epee-verte-768x768.jpg 768w, https:\/\/boutique-jourdefete.com\/blog\/wp-content\/uploads\/2026\/02\/24788-minecraft-epee-verte-100x100.jpg 100w\" sizes=\"auto, (max-width: 1000px) 100vw, 1000px\" \/><\/a><\/figure>\n<\/div>\n\n\n\n<div class=\"wp-block-column is-layout-flow wp-block-column-is-layout-flow\">\n<figure class=\"wp-block-image size-full is-resized\"><a href=\"https:\/\/www.boutique-jourdefete.com\/minecraft-pioche-92217\/\" target=\"_blank\" rel=\" noreferrer noopener\"><img loading=\"lazy\" decoding=\"async\" width=\"1000\" height=\"1000\" src=\"https:\/\/www.boutique-jourdefete.com\/blog\/wp-content\/uploads\/2026\/02\/24789_minecraft_pioche_diamant.jpg\" alt=\"La pioche de Minecraft pour un carnaval jeux vid\u00e9o !\" class=\"wp-image-10856\" style=\"object-fit:cover;width:300px;height:300px\" srcset=\"https:\/\/boutique-jourdefete.com\/blog\/wp-content\/uploads\/2026\/02\/24789_minecraft_pioche_diamant.jpg 1000w, https:\/\/boutique-jourdefete.com\/blog\/wp-content\/uploads\/2026\/02\/24789_minecraft_pioche_diamant-300x300.jpg 300w, https:\/\/boutique-jourdefete.com\/blog\/wp-content\/uploads\/2026\/02\/24789_minecraft_pioche_diamant-150x150.jpg 150w, https:\/\/boutique-jourdefete.com\/blog\/wp-content\/uploads\/2026\/02\/24789_minecraft_pioche_diamant-768x768.jpg 768w, https:\/\/boutique-jourdefete.com\/blog\/wp-content\/uploads\/2026\/02\/24789_minecraft_pioche_diamant-100x100.jpg 100w\" sizes=\"auto, (max-width: 1000px) 100vw, 1000px\" \/><\/a><\/figure>\n<\/div>\n<\/div>\n\n\n\n<p>Pour finir, explorez nos <a href=\"https:\/\/www.boutique-jourdefete.com\/carnaval\/themes\/jeux-video\/\" target=\"_blank\" rel=\"noreferrer noopener\">autres licences<\/a> pour d\u00e9filer sous une tenue inspir\u00e9e d&rsquo;un personnage de jeux vid\u00e9o.<\/p>\n\n\n\n<p>Bien \u00e9videmment, on pense \u00e0 tout ! Parce que oui, en plus du carnaval sur le th\u00e8me des jeux vid\u00e9o, vous pouvez cr\u00e9er ou participer \u00e0 n\u2019importe quel \u00e9v\u00e9nement. Avec la vaisselle et la d\u00e9coration, organisez les meilleurs \u00e9v\u00e9nements pour vos enfants.<\/p>\n\n\n\n<p>Fan de Pok\u00e9mon&nbsp;? Retrouvez gobelets, sachets, ballons, nappe, chapeau de f\u00eate\u2026 et bien d\u2019autres encore. Le tout avec des impressions de <a href=\"https:\/\/www.boutique-jourdefete.com\/anniversaire\/top-licences\/pokemon\/\" target=\"_blank\" rel=\"noreferrer noopener\">magnifiques Pok\u00e9mon pour tous vos \u00e9v\u00e9nements sur ce th\u00e8me<\/a>.<\/p>\n\n\n\n<div class=\"wp-block-columns is-layout-flex wp-container-core-columns-is-layout-9d6595d7 wp-block-columns-is-layout-flex\">\n<div class=\"wp-block-column is-layout-flow wp-block-column-is-layout-flow\">\n<figure class=\"wp-block-image size-full is-resized\"><a href=\"https:\/\/www.boutique-jourdefete.com\/pokemon-gobelet-carton-25cl-x8\/\" target=\"_blank\" rel=\" noreferrer noopener\"><img loading=\"lazy\" decoding=\"async\" width=\"1000\" height=\"1000\" src=\"https:\/\/www.boutique-jourdefete.com\/blog\/wp-content\/uploads\/2026\/02\/LPOK98401-pokemon-gobelet-carton-25cl-x8.jpg\" alt=\"Des gobelets Pok\u00e9mon pour la f\u00eate\" class=\"wp-image-10864\" style=\"object-fit:cover;width:300px;height:300px\" srcset=\"https:\/\/boutique-jourdefete.com\/blog\/wp-content\/uploads\/2026\/02\/LPOK98401-pokemon-gobelet-carton-25cl-x8.jpg 1000w, https:\/\/boutique-jourdefete.com\/blog\/wp-content\/uploads\/2026\/02\/LPOK98401-pokemon-gobelet-carton-25cl-x8-300x300.jpg 300w, https:\/\/boutique-jourdefete.com\/blog\/wp-content\/uploads\/2026\/02\/LPOK98401-pokemon-gobelet-carton-25cl-x8-150x150.jpg 150w, https:\/\/boutique-jourdefete.com\/blog\/wp-content\/uploads\/2026\/02\/LPOK98401-pokemon-gobelet-carton-25cl-x8-768x768.jpg 768w, https:\/\/boutique-jourdefete.com\/blog\/wp-content\/uploads\/2026\/02\/LPOK98401-pokemon-gobelet-carton-25cl-x8-100x100.jpg 100w\" sizes=\"auto, (max-width: 1000px) 100vw, 1000px\" \/><\/a><\/figure>\n<\/div>\n\n\n\n<div class=\"wp-block-column is-layout-flow wp-block-column-is-layout-flow\">\n<figure class=\"wp-block-image size-full is-resized\"><a href=\"https:\/\/www.boutique-jourdefete.com\/pokemon-ballon-aluminium-rond-poids-46cm\/\" target=\"_blank\" rel=\" noreferrer noopener\"><img loading=\"lazy\" decoding=\"async\" width=\"1000\" height=\"1000\" src=\"https:\/\/www.boutique-jourdefete.com\/blog\/wp-content\/uploads\/2026\/02\/LPOK98398-pokemon-ballon-foil-rond-poids-46cm.jpg\" alt=\"Un ballon Pok\u00e9mon pour la f\u00eate\" class=\"wp-image-10865\" style=\"object-fit:cover;width:300px;height:300px\" srcset=\"https:\/\/boutique-jourdefete.com\/blog\/wp-content\/uploads\/2026\/02\/LPOK98398-pokemon-ballon-foil-rond-poids-46cm.jpg 1000w, https:\/\/boutique-jourdefete.com\/blog\/wp-content\/uploads\/2026\/02\/LPOK98398-pokemon-ballon-foil-rond-poids-46cm-300x300.jpg 300w, https:\/\/boutique-jourdefete.com\/blog\/wp-content\/uploads\/2026\/02\/LPOK98398-pokemon-ballon-foil-rond-poids-46cm-150x150.jpg 150w, https:\/\/boutique-jourdefete.com\/blog\/wp-content\/uploads\/2026\/02\/LPOK98398-pokemon-ballon-foil-rond-poids-46cm-768x768.jpg 768w, https:\/\/boutique-jourdefete.com\/blog\/wp-content\/uploads\/2026\/02\/LPOK98398-pokemon-ballon-foil-rond-poids-46cm-100x100.jpg 100w\" sizes=\"auto, (max-width: 1000px) 100vw, 1000px\" \/><\/a><\/figure>\n<\/div>\n\n\n\n<div class=\"wp-block-column is-layout-flow wp-block-column-is-layout-flow\">\n<figure class=\"wp-block-image size-full is-resized\"><a href=\"https:\/\/www.boutique-jourdefete.com\/pokemon-chapeau-carton-x6\/\" target=\"_blank\" rel=\" noreferrer noopener\"><img loading=\"lazy\" decoding=\"async\" width=\"1000\" height=\"1000\" src=\"https:\/\/www.boutique-jourdefete.com\/blog\/wp-content\/uploads\/2026\/02\/LPOK98394-pokemon-chapeau-carton-fsc-x6.jpg\" alt=\"Des chapeaux Pok\u00e9mon pour la f\u00eate\" class=\"wp-image-10863\" style=\"object-fit:cover;width:300px;height:300px\" srcset=\"https:\/\/boutique-jourdefete.com\/blog\/wp-content\/uploads\/2026\/02\/LPOK98394-pokemon-chapeau-carton-fsc-x6.jpg 1000w, https:\/\/boutique-jourdefete.com\/blog\/wp-content\/uploads\/2026\/02\/LPOK98394-pokemon-chapeau-carton-fsc-x6-300x300.jpg 300w, https:\/\/boutique-jourdefete.com\/blog\/wp-content\/uploads\/2026\/02\/LPOK98394-pokemon-chapeau-carton-fsc-x6-150x150.jpg 150w, https:\/\/boutique-jourdefete.com\/blog\/wp-content\/uploads\/2026\/02\/LPOK98394-pokemon-chapeau-carton-fsc-x6-768x768.jpg 768w, https:\/\/boutique-jourdefete.com\/blog\/wp-content\/uploads\/2026\/02\/LPOK98394-pokemon-chapeau-carton-fsc-x6-100x100.jpg 100w\" sizes=\"auto, (max-width: 1000px) 100vw, 1000px\" \/><\/a><\/figure>\n<\/div>\n<\/div>\n\n\n\n<p>Des d\u00e9guisements aux accessoires, sans oublier la d\u00e9coration, tout est r\u00e9uni pour passer un merveilleux carnaval dans l\u2019univers des jeux vid\u00e9o.<\/p>\n\n\n\n<p>Et oui, il y en a pour tous les go\u00fbts et pour tous les \u00e2ges&nbsp;!<\/p>\n\n\n\n<p>Pour plus d\u2019id\u00e9es, retrouvez-nous sur <a href=\"https:\/\/www.instagram.com\/jourdefete\/\" target=\"_blank\" rel=\"noreferrer noopener\">Instagram<\/a>&nbsp;!<\/p>\n","protected":false},"excerpt":{"rendered":"<p>Des d\u00e9guisements et des accessoires sur le th\u00e8me des jeux vid\u00e9o pour le carnaval !<\/p>\n","protected":false},"author":3,"featured_media":10872,"comment_status":"open","ping_status":"closed","sticky":false,"template":"","format":"standard","meta":{"_acf_changed":false,"footnotes":""},"categories":[456,457,8],"tags":[54,584,163,125,751,140,752,753,471],"class_list":["post-10838","post","type-post","status-publish","format-standard","has-post-thumbnail","hentry","category-deguisements","category-evenements","category-general","tag-carnaval","tag-deguisement-carnaval","tag-fete","tag-idees","tag-jeux-video","tag-jour-de-fete","tag-mario","tag-pikachu","tag-pokemon"],"acf":[],"_links":{"self":[{"href":"https:\/\/boutique-jourdefete.com\/blog\/wp-json\/wp\/v2\/posts\/10838","targetHints":{"allow":["GET"]}}],"collection":[{"href":"https:\/\/boutique-jourdefete.com\/blog\/wp-json\/wp\/v2\/posts"}],"about":[{"href":"https:\/\/boutique-jourdefete.com\/blog\/wp-json\/wp\/v2\/types\/post"}],"author":[{"embeddable":true,"href":"https:\/\/boutique-jourdefete.com\/blog\/wp-json\/wp\/v2\/users\/3"}],"replies":[{"embeddable":true,"href":"https:\/\/boutique-jourdefete.com\/blog\/wp-json\/wp\/v2\/comments?post=10838"}],"version-history":[{"count":12,"href":"https:\/\/boutique-jourdefete.com\/blog\/wp-json\/wp\/v2\/posts\/10838\/revisions"}],"predecessor-version":[{"id":10886,"href":"https:\/\/boutique-jourdefete.com\/blog\/wp-json\/wp\/v2\/posts\/10838\/revisions\/10886"}],"wp:featuredmedia":[{"embeddable":true,"href":"https:\/\/boutique-jourdefete.com\/blog\/wp-json\/wp\/v2\/media\/10872"}],"wp:attachment":[{"href":"https:\/\/boutique-jourdefete.com\/blog\/wp-json\/wp\/v2\/media?parent=10838"}],"wp:term":[{"taxonomy":"category","embeddable":true,"href":"https:\/\/boutique-jourdefete.com\/blog\/wp-json\/wp\/v2\/categories?post=10838"},{"taxonomy":"post_tag","embeddable":true,"href":"https:\/\/boutique-jourdefete.com\/blog\/wp-json\/wp\/v2\/tags?post=10838"}],"curies":[{"name":"wp","href":"https:\/\/api.w.org\/{rel}","templated":true}]}}